{"id":5131,"date":"2018-06-11T17:54:00","date_gmt":"2018-06-11T17:54:00","guid":{"rendered":"http:\/\/helenaanjos.com\/?p=5131"},"modified":"2020-08-26T17:30:53","modified_gmt":"2020-08-26T17:30:53","slug":"o-fim-de-um-ciclo-e-o-principio-de-um-outro-ciclo","status":"publish","type":"post","link":"https:\/\/helenaanjos.com\/en_en\/2018\/06\/11\/o-fim-de-um-ciclo-e-o-principio-de-um-outro-ciclo\/","title":{"rendered":"O fim de um ciclo \u00e9 o princ\u00edpio de um outro ciclo\u2026"},"content":{"rendered":"<p><strong>O fim de um ciclo \u00e9 o princ\u00edpio de um outro ciclo\u2026<\/strong><\/p>\n\n\n\n<p>Uma mensagem de despedida ter\u00e1 sempre as viv\u00eancias de quem a escreve e as opini\u00f5es de quem a l\u00ea.<\/p>\n\n\n\n<p>Tem mem\u00f3rias boas, tem mem\u00f3rias turbulentas.<\/p>\n\n\n\n<p>Fazer trabalho volunt\u00e1rio \u00e9 um ato de paix\u00e3o. Uma paix\u00e3o que vive da capacidade de \u201cestar ao servi\u00e7o do outro\u201d e que tamb\u00e9m se alimenta dos <em>feedbacks<\/em> de quem o recebe.<\/p>\n\n\n\n<p>No decurso do meu mandato como Presidente (janeiro 2017 a junho 2018) e depois da experi\u00eancia de dois anos como Vice-Presidente, tive o privil\u00e9gio de poder contribuir para a vida e crescimento do <em>Chapter<\/em> de in\u00fameras maneiras e continuei a entusiasmar-me com cada conquista, e foram muitas.<\/p>\n\n\n\n<p>Aumentamos o n\u00famero de membros e atingimos graus de reten\u00e7\u00e3o que nos colocaram em evid\u00eancia entre os <em>Chapters<\/em> europeus.<\/p>\n\n\n\n<p>Deixamos o <em>Chapter<\/em> com uma situa\u00e7\u00e3o financeira muito confort\u00e1vel.<\/p>\n\n\n\n<p>Foram criados Comit\u00e9s, cada um deles coordenado por um elemento da Dire\u00e7\u00e3o e com a colabora\u00e7\u00e3o de equipas de volunt\u00e1rios.<\/p>\n\n\n\n<p>Estes Comit\u00e9s concretizaram um conjunto de realiza\u00e7\u00f5es, das quais destaco:<\/p>\n\n\n\n<p>Apoio aos Membros<\/p>\n\n\n\n<p>Comunica\u00e7\u00f5es<\/p>\n\n\n\n<p>Eventos<\/p>\n\n\n\n<p>Todos os eventos, que tiveram uma aflu\u00eancia e conte\u00fados muitos expressivos, atribu\u00edram aos participantes CCE, na sua maioria em <em>Core Competencies<\/em>, a saber: International Coaching Week 2017, International Coaching Week 2018, Confer\u00eancia Anual ICF Portugal 2017, Tert\u00falia mensal \u201cO Coach tamb\u00e9m tem d\u00favidas\u201d e <em>Workshops<\/em> mensais sobre temas pertinentes para a profiss\u00e3o.<\/p>\n\n\n\n<p>No \u00e2mbito do projeto de regulamenta\u00e7\u00e3o da profiss\u00e3o de Coach, destaco ainda a entrega na Assembleia da Rep\u00fablica de um dossier, onde consta uma Pron\u00fancia sobre a Proposta de Lei n.\u00ba 34\/XIII \u2013 Regulamenta\u00e7\u00e3o dos atos profissionais (atos de sa\u00fade), com o prop\u00f3sito de a atividade de Coaching n\u00e3o ser confundida com os atos dos psic\u00f3logos.<\/p>\n\n\n\n<p>Agrade\u00e7o a cada membro da Dire\u00e7\u00e3o, que, no seu ritmo e no seu tempo, fez a sua obra.<\/p>\n\n\n\n<p>Quero deixar mais uma vez um agradecimento ao valioso trabalho desenvolvido pelos volunt\u00e1rios, que generosamente fizeram com que todas as atividades fossem uma realidade, bem como a todos os membros que de alguma forma contribu\u00edram para a vida do <em>Chapter<\/em>.<\/p>\n\n\n\n<p>A todos os que estiveram por perto, aos que contribu\u00edram para a excel\u00eancia do Coaching, aos que ajudaram a colocar Portugal no mapa do Coaching, aos meus mestres, \u00e0 ICF Global que me escutou atentamente e me deu a m\u00e3o sempre que sugeri uma nova pr\u00e1tica | projeto, o meu imenso OBRIGADA!<\/p>\n\n\n\n<p>Ser Presidente do Chapter da ICF Portugal foi uma aprendizagem muito valiosa. Daqui levo a certeza de que o meu olhar sobre alguns conceitos como a confian\u00e7a, o empenho ou a generosidade ficaram mais maduros.<\/p>\n\n\n\n<p>O tema poderia ser o Desapego, o Luto, o Orgulho, o Adeus&#8230;mas sinto que a <a href=\"https:\/\/www.linkedin.com\/feed\/hashtag\/?keywords=%2523Gratid%25C3%25A3o\">#Gratid\u00e3o<\/a> aos companheiros de trap\u00e9zio e o amor ao <a href=\"https:\/\/www.linkedin.com\/feed\/hashtag\/?keywords=%2523Coaching\">#Coaching<\/a> s\u00e3o mais completos.<\/p>\n\n\n\n<p>E a agora a minha viagem ter\u00e1 outros destinos, igualmente intensos!<\/p>","protected":false},"excerpt":{"rendered":"<p>O fim de um ciclo \u00e9 o princ\u00edpio de um outro ciclo\u2026 Uma mensagem de despedida ter\u00e1 sempre as viv\u00eancias de quem a escreve e as opini\u00f5es de quem a l\u00ea. Tem mem\u00f3rias boas, tem mem\u00f3rias turbulentas. Fazer trabalho volunt\u00e1rio \u00e9 um ato de paix\u00e3o. Uma paix\u00e3o que vive da capacidade de \u201cestar ao servi\u00e7o [&hellip;]<\/p>\n","protected":false},"author":1,"featured_media":5132,"comment_status":"closed","ping_status":"open","sticky":false,"template":"","format":"standard","meta":{"footnotes":""},"categories":[29],"tags":[],"class_list":["post-5131","post","type-post","status-publish","format-standard","has-post-thumbnail","hentry","category-historias-de-coaching"],"_links":{"self":[{"href":"https:\/\/helenaanjos.com\/en_en\/wp-json\/wp\/v2\/posts\/5131","targetHints":{"allow":["GET"]}}],"collection":[{"href":"https:\/\/helenaanjos.com\/en_en\/wp-json\/wp\/v2\/posts"}],"about":[{"href":"https:\/\/helenaanjos.com\/en_en\/wp-json\/wp\/v2\/types\/post"}],"author":[{"embeddable":true,"href":"https:\/\/helenaanjos.com\/en_en\/wp-json\/wp\/v2\/users\/1"}],"replies":[{"embeddable":true,"href":"https:\/\/helenaanjos.com\/en_en\/wp-json\/wp\/v2\/comments?post=5131"}],"version-history":[{"count":1,"href":"https:\/\/helenaanjos.com\/en_en\/wp-json\/wp\/v2\/posts\/5131\/revisions"}],"predecessor-version":[{"id":5133,"href":"https:\/\/helenaanjos.com\/en_en\/wp-json\/wp\/v2\/posts\/5131\/revisions\/5133"}],"wp:featuredmedia":[{"embeddable":true,"href":"https:\/\/helenaanjos.com\/en_en\/wp-json\/wp\/v2\/media\/5132"}],"wp:attachment":[{"href":"https:\/\/helenaanjos.com\/en_en\/wp-json\/wp\/v2\/media?parent=5131"}],"wp:term":[{"taxonomy":"category","embeddable":true,"href":"https:\/\/helenaanjos.com\/en_en\/wp-json\/wp\/v2\/categories?post=5131"},{"taxonomy":"post_tag","embeddable":true,"href":"https:\/\/helenaanjos.com\/en_en\/wp-json\/wp\/v2\/tags?post=5131"}],"curies":[{"name":"wp","href":"https:\/\/api.w.org\/{rel}","templated":true}]}}